{"id":35751,"date":"2023-12-12T11:00:06","date_gmt":"2023-12-12T14:00:06","guid":{"rendered":"https:\/\/www.vagasempregosc.com.br\/?p=35751"},"modified":"2023-12-12T11:00:06","modified_gmt":"2023-12-12T14:00:06","slug":"auxiliar-de-producao-sao-jose-sc-15","status":"publish","type":"post","link":"https:\/\/www.vagasempregosc.com.br\/index.php\/2023\/12\/12\/auxiliar-de-producao-sao-jose-sc-15\/","title":{"rendered":"Auxiliar de Produ\u00e7\u00e3o &#8211; S\u00e3o Jos\u00e9 &#8211; SC"},"content":{"rendered":"<p style=\"text-align: justify;\">Atribui\u00e7\u00f5es:<br \/>\nDescri\u00e7\u00e3o da vaga:<\/p>\n<ul style=\"text-align: justify;\">\n<li>Buscamos profissionais que queiram nos auxiliar a colocar a m\u00e3o na massa para produzir nossos produtos. N\u00f3s somos perfeccionistas, idealistas e inovadores, sempre buscando o melhor. Como Auxiliar de Produ\u00e7\u00e3o voc\u00ea ir\u00e1 realizar os processos necess\u00e1rios na nossa linha de produ\u00e7\u00e3o para que ocorra a transforma\u00e7\u00e3o da mat\u00e9ria-prima em produto final. Se voc\u00ea gosta de trabalhar com amor e dedica\u00e7\u00e3o, entendendo que cada detalhe faz a diferen\u00e7a, venha fazer parte da nossa equipe.<\/li>\n<\/ul>\n<p style=\"text-align: justify;\">Responsabilidades e atribui\u00e7\u00f5es:<\/p>\n<ul style=\"text-align: justify;\">\n<li>\u00a0Auxiliar na prepara\u00e7\u00e3o das formula\u00e7\u00f5es dos nossos produtos;<\/li>\n<li>\u00a0Realizar a manipula\u00e7\u00e3o das mat\u00e9rias-primas;<\/li>\n<li>\u00a0Auxiliar na confer\u00eancia das ordens de produ\u00e7\u00e3o;<\/li>\n<li>\u00a0Utilizar com seguran\u00e7a m\u00e1quinas e utens\u00edlios relacionados \u00e0 produ\u00e7\u00e3o;<\/li>\n<li>\u00a0Auxiliar a controlar a temperatura e umidade da \u00e1rea de produ\u00e7\u00e3o;<\/li>\n<li>\u00a0Auxiliar na pesagem, envase e rotulagem dos produtos;<\/li>\n<\/ul>\n<p style=\"text-align: justify;\">Requisitos:<\/p>\n<ul style=\"text-align: justify;\">\n<li>\u00a0Ensino m\u00e9dio completo;<\/li>\n<li>\u00a0Conhecimento em BPF ;<\/li>\n<li>\u00a0Conhecimento do pacote office.<\/li>\n<\/ul>\n<p style=\"text-align: justify;\">Jornada de Trabalho:<\/p>\n<ul style=\"text-align: justify;\">\n<li>De segunda \u00e0 quinta das 09:00 \u00e0s 19:00 e sexta at\u00e9 \u00e0s 18:00<\/li>\n<\/ul>\n<p style=\"text-align: justify;\">Benef\u00edcios:<\/p>\n<ul style=\"text-align: justify;\">\n<li>VA ou VR (sem desconto de 20%);<\/li>\n<li>VT ou Vale combust\u00edvel (sem desconto de 6%);<\/li>\n<li>Plano de Sa\u00fade (mensalidade paga pela empresa);<\/li>\n<li>Plano Odontol\u00f3gico;<\/li>\n<li>B\u00f4nus de Merecimento;<\/li>\n<li>Seguro de Vida;<\/li>\n<li>Desconto em nossos produtos (manipulados linha Essentia Pharma e linha Essential Nutrition);<\/li>\n<li>Rede de descontos em lojas e restaurantes;<\/li>\n<li>Presente de final de ano;<\/li>\n<li>\u00c1rea de confraterniza\u00e7\u00e3o &#8211; churrasqueira;<\/li>\n<li>Sala de medita\u00e7\u00e3o;<\/li>\n<li>Sala de descanso;<\/li>\n<li>Sala de Jogos;<\/li>\n<li>Atendimento m\u00e9dico;<\/li>\n<li>Atendimento pedi\u00e1trico;<\/li>\n<li>Terapeutas, Coaching e Psic\u00f3logos;<\/li>\n<li>Programa de Medita\u00e7\u00e3o, Wellness e Manejo do Stress;<\/li>\n<li>Gin\u00e1stica laboral;<\/li>\n<li>Bolsa de Aux\u00edlio Educa\u00e7\u00e3o de at\u00e9 50% do valor do curso;<\/li>\n<li>Ambiente de trabalho acolhedor &#8211; Cultura Essentia;<\/li>\n<li>Estacionamento.<\/li>\n<\/ul>\n<p style=\"text-align: justify;\">Observa\u00e7\u00f5es:<\/p>\n<ul style=\"text-align: justify;\">\n<li>candidate-se em: https:\/\/essentiagroup.gupy.io\/jobs\/4777513<\/li>\n<\/ul>\n<p style=\"text-align: justify;\">Data m\u00e1xima para envio de curr\u00edculos:\u00a0 \u00a011-01-2024<\/p>\n<p style=\"text-align: justify;\">Enviar curr\u00edculo informando no assunto do e-mail a vaga de interesse para <a href=\"mailto:rh@essentialnutrition.com.br\">rh@essentialnutrition.com.br<\/a><\/p>\n","protected":false},"excerpt":{"rendered":"<p>Atribui\u00e7\u00f5es: Descri\u00e7\u00e3o da vaga: Buscamos profissionais que queiram nos auxiliar a colocar a m\u00e3o na massa para produzir nossos produtos. N\u00f3s somos perfeccionistas, idealistas e [&#8230;]<\/p>\n","protected":false},"author":2,"featured_media":0,"comment_status":"closed","ping_status":"closed","sticky":false,"template":"","format":"standard","meta":{"footnotes":""},"categories":[2,3],"tags":[],"class_list":["post-35751","post","type-post","status-publish","format-standard","hentry","category-ensino-medio-completo","category-industria-producao"],"yoast_head":"<!-- This site is optimized with the Yoast SEO plugin v27.5 - https:\/\/yoast.com\/product\/yoast-seo-wordpress\/ -->\n<title>Auxiliar de Produ\u00e7\u00e3o - S\u00e3o Jos\u00e9 - SC - Vagas Emprego SC<\/title>\n<meta name=\"robots\" content=\"index, follow, max-snippet:-1, max-image-preview:large, max-video-preview:-1\" \/>\n<link rel=\"canonical\" href=\"https:\/\/www.vagasempregosc.com.br\/index.php\/2023\/12\/12\/auxiliar-de-producao-sao-jose-sc-15\/\" \/>\n<meta property=\"og:locale\" content=\"pt_BR\" \/>\n<meta property=\"og:type\" content=\"article\" \/>\n<meta property=\"og:title\" content=\"Auxiliar de Produ\u00e7\u00e3o - S\u00e3o Jos\u00e9 - SC - Vagas Emprego SC\" \/>\n<meta property=\"og:description\" content=\"Atribui\u00e7\u00f5es: Descri\u00e7\u00e3o da vaga: Buscamos profissionais que queiram nos auxiliar a colocar a m\u00e3o na massa para produzir nossos produtos. N\u00f3s somos perfeccionistas, idealistas e [...]\" \/>\n<meta property=\"og:url\" content=\"https:\/\/www.vagasempregosc.com.br\/index.php\/2023\/12\/12\/auxiliar-de-producao-sao-jose-sc-15\/\" \/>\n<meta property=\"og:site_name\" content=\"Vagas Emprego SC\" \/>\n<meta property=\"article:published_time\" content=\"2023-12-12T14:00:06+00:00\" \/>\n<meta name=\"author\" content=\"Vagas Emprego SC\" \/>\n<meta name=\"twitter:card\" content=\"summary_large_image\" \/>\n<meta name=\"twitter:label1\" content=\"Escrito por\" \/>\n\t<meta name=\"twitter:data1\" content=\"Vagas Emprego SC\" \/>\n\t<meta name=\"twitter:label2\" content=\"Est. tempo de leitura\" \/>\n\t<meta name=\"twitter:data2\" content=\"2 minutos\" \/>\n<script type=\"application\/ld+json\" class=\"yoast-schema-graph\">{\"@context\":\"https:\\\/\\\/schema.org\",\"@graph\":[{\"@type\":\"Article\",\"@id\":\"https:\\\/\\\/www.vagasempregosc.com.br\\\/index.php\\\/2023\\\/12\\\/12\\\/auxiliar-de-producao-sao-jose-sc-15\\\/#article\",\"isPartOf\":{\"@id\":\"https:\\\/\\\/www.vagasempregosc.com.br\\\/index.php\\\/2023\\\/12\\\/12\\\/auxiliar-de-producao-sao-jose-sc-15\\\/\"},\"author\":{\"name\":\"Vagas Emprego SC\",\"@id\":\"https:\\\/\\\/www.vagasempregosc.com.br\\\/#\\\/schema\\\/person\\\/e59ecb0cf33cc401d3b82548d1a9baa4\"},\"headline\":\"Auxiliar de Produ\u00e7\u00e3o &#8211; S\u00e3o Jos\u00e9 &#8211; SC\",\"datePublished\":\"2023-12-12T14:00:06+00:00\",\"mainEntityOfPage\":{\"@id\":\"https:\\\/\\\/www.vagasempregosc.com.br\\\/index.php\\\/2023\\\/12\\\/12\\\/auxiliar-de-producao-sao-jose-sc-15\\\/\"},\"wordCount\":337,\"publisher\":{\"@id\":\"https:\\\/\\\/www.vagasempregosc.com.br\\\/#organization\"},\"articleSection\":[\"ensino m\u00e9dio\",\"ind\u00fastria\"],\"inLanguage\":\"pt-BR\"},{\"@type\":\"WebPage\",\"@id\":\"https:\\\/\\\/www.vagasempregosc.com.br\\\/index.php\\\/2023\\\/12\\\/12\\\/auxiliar-de-producao-sao-jose-sc-15\\\/\",\"url\":\"https:\\\/\\\/www.vagasempregosc.com.br\\\/index.php\\\/2023\\\/12\\\/12\\\/auxiliar-de-producao-sao-jose-sc-15\\\/\",\"name\":\"Auxiliar de Produ\u00e7\u00e3o - S\u00e3o Jos\u00e9 - SC - Vagas Emprego SC\",\"isPartOf\":{\"@id\":\"https:\\\/\\\/www.vagasempregosc.com.br\\\/#website\"},\"datePublished\":\"2023-12-12T14:00:06+00:00\",\"breadcrumb\":{\"@id\":\"https:\\\/\\\/www.vagasempregosc.com.br\\\/index.php\\\/2023\\\/12\\\/12\\\/auxiliar-de-producao-sao-jose-sc-15\\\/#breadcrumb\"},\"inLanguage\":\"pt-BR\",\"potentialAction\":[{\"@type\":\"ReadAction\",\"target\":[\"https:\\\/\\\/www.vagasempregosc.com.br\\\/index.php\\\/2023\\\/12\\\/12\\\/auxiliar-de-producao-sao-jose-sc-15\\\/\"]}]},{\"@type\":\"BreadcrumbList\",\"@id\":\"https:\\\/\\\/www.vagasempregosc.com.br\\\/index.php\\\/2023\\\/12\\\/12\\\/auxiliar-de-producao-sao-jose-sc-15\\\/#breadcrumb\",\"itemListElement\":[{\"@type\":\"ListItem\",\"position\":1,\"name\":\"Home\",\"item\":\"https:\\\/\\\/www.vagasempregosc.com.br\\\/\"},{\"@type\":\"ListItem\",\"position\":2,\"name\":\"Auxiliar de Produ\u00e7\u00e3o &#8211; S\u00e3o Jos\u00e9 &#8211; SC\"}]},{\"@type\":\"WebSite\",\"@id\":\"https:\\\/\\\/www.vagasempregosc.com.br\\\/#website\",\"url\":\"https:\\\/\\\/www.vagasempregosc.com.br\\\/\",\"name\":\"Vagas Emprego SC\",\"description\":\"Vagas de emprego e est\u00e1gio em Santa Catarina\",\"publisher\":{\"@id\":\"https:\\\/\\\/www.vagasempregosc.com.br\\\/#organization\"},\"potentialAction\":[{\"@type\":\"SearchAction\",\"target\":{\"@type\":\"EntryPoint\",\"urlTemplate\":\"https:\\\/\\\/www.vagasempregosc.com.br\\\/?s={search_term_string}\"},\"query-input\":{\"@type\":\"PropertyValueSpecification\",\"valueRequired\":true,\"valueName\":\"search_term_string\"}}],\"inLanguage\":\"pt-BR\"},{\"@type\":\"Organization\",\"@id\":\"https:\\\/\\\/www.vagasempregosc.com.br\\\/#organization\",\"name\":\"Vagas Emprego SC\",\"url\":\"https:\\\/\\\/www.vagasempregosc.com.br\\\/\",\"logo\":{\"@type\":\"ImageObject\",\"inLanguage\":\"pt-BR\",\"@id\":\"https:\\\/\\\/www.vagasempregosc.com.br\\\/#\\\/schema\\\/logo\\\/image\\\/\",\"url\":\"https:\\\/\\\/www.vagasempregosc.com.br\\\/wp-content\\\/uploads\\\/2025\\\/05\\\/cropped-logo2015sc.jpg\",\"contentUrl\":\"https:\\\/\\\/www.vagasempregosc.com.br\\\/wp-content\\\/uploads\\\/2025\\\/05\\\/cropped-logo2015sc.jpg\",\"width\":323,\"height\":89,\"caption\":\"Vagas Emprego SC\"},\"image\":{\"@id\":\"https:\\\/\\\/www.vagasempregosc.com.br\\\/#\\\/schema\\\/logo\\\/image\\\/\"}},{\"@type\":\"Person\",\"@id\":\"https:\\\/\\\/www.vagasempregosc.com.br\\\/#\\\/schema\\\/person\\\/e59ecb0cf33cc401d3b82548d1a9baa4\",\"name\":\"Vagas Emprego SC\",\"image\":{\"@type\":\"ImageObject\",\"inLanguage\":\"pt-BR\",\"@id\":\"https:\\\/\\\/secure.gravatar.com\\\/avatar\\\/e198f9393383244894b06db503be8cb43011f384a429c7a9f84f3f61c138a35e?s=96&d=mm&r=g\",\"url\":\"https:\\\/\\\/secure.gravatar.com\\\/avatar\\\/e198f9393383244894b06db503be8cb43011f384a429c7a9f84f3f61c138a35e?s=96&d=mm&r=g\",\"contentUrl\":\"https:\\\/\\\/secure.gravatar.com\\\/avatar\\\/e198f9393383244894b06db503be8cb43011f384a429c7a9f84f3f61c138a35e?s=96&d=mm&r=g\",\"caption\":\"Vagas Emprego SC\"},\"url\":\"https:\\\/\\\/www.vagasempregosc.com.br\\\/index.php\\\/author\\\/vagasemprego\\\/\"}]}<\/script>\n<!-- \/ Yoast SEO plugin. -->","yoast_head_json":{"title":"Auxiliar de Produ\u00e7\u00e3o - S\u00e3o Jos\u00e9 - SC - Vagas Emprego SC","robots":{"index":"index","follow":"follow","max-snippet":"max-snippet:-1","max-image-preview":"max-image-preview:large","max-video-preview":"max-video-preview:-1"},"canonical":"https:\/\/www.vagasempregosc.com.br\/index.php\/2023\/12\/12\/auxiliar-de-producao-sao-jose-sc-15\/","og_locale":"pt_BR","og_type":"article","og_title":"Auxiliar de Produ\u00e7\u00e3o - S\u00e3o Jos\u00e9 - SC - Vagas Emprego SC","og_description":"Atribui\u00e7\u00f5es: Descri\u00e7\u00e3o da vaga: Buscamos profissionais que queiram nos auxiliar a colocar a m\u00e3o na massa para produzir nossos produtos. N\u00f3s somos perfeccionistas, idealistas e [...]","og_url":"https:\/\/www.vagasempregosc.com.br\/index.php\/2023\/12\/12\/auxiliar-de-producao-sao-jose-sc-15\/","og_site_name":"Vagas Emprego SC","article_published_time":"2023-12-12T14:00:06+00:00","author":"Vagas Emprego SC","twitter_card":"summary_large_image","twitter_misc":{"Escrito por":"Vagas Emprego SC","Est. tempo de leitura":"2 minutos"},"schema":{"@context":"https:\/\/schema.org","@graph":[{"@type":"Article","@id":"https:\/\/www.vagasempregosc.com.br\/index.php\/2023\/12\/12\/auxiliar-de-producao-sao-jose-sc-15\/#article","isPartOf":{"@id":"https:\/\/www.vagasempregosc.com.br\/index.php\/2023\/12\/12\/auxiliar-de-producao-sao-jose-sc-15\/"},"author":{"name":"Vagas Emprego SC","@id":"https:\/\/www.vagasempregosc.com.br\/#\/schema\/person\/e59ecb0cf33cc401d3b82548d1a9baa4"},"headline":"Auxiliar de Produ\u00e7\u00e3o &#8211; S\u00e3o Jos\u00e9 &#8211; SC","datePublished":"2023-12-12T14:00:06+00:00","mainEntityOfPage":{"@id":"https:\/\/www.vagasempregosc.com.br\/index.php\/2023\/12\/12\/auxiliar-de-producao-sao-jose-sc-15\/"},"wordCount":337,"publisher":{"@id":"https:\/\/www.vagasempregosc.com.br\/#organization"},"articleSection":["ensino m\u00e9dio","ind\u00fastria"],"inLanguage":"pt-BR"},{"@type":"WebPage","@id":"https:\/\/www.vagasempregosc.com.br\/index.php\/2023\/12\/12\/auxiliar-de-producao-sao-jose-sc-15\/","url":"https:\/\/www.vagasempregosc.com.br\/index.php\/2023\/12\/12\/auxiliar-de-producao-sao-jose-sc-15\/","name":"Auxiliar de Produ\u00e7\u00e3o - S\u00e3o Jos\u00e9 - SC - Vagas Emprego SC","isPartOf":{"@id":"https:\/\/www.vagasempregosc.com.br\/#website"},"datePublished":"2023-12-12T14:00:06+00:00","breadcrumb":{"@id":"https:\/\/www.vagasempregosc.com.br\/index.php\/2023\/12\/12\/auxiliar-de-producao-sao-jose-sc-15\/#breadcrumb"},"inLanguage":"pt-BR","potentialAction":[{"@type":"ReadAction","target":["https:\/\/www.vagasempregosc.com.br\/index.php\/2023\/12\/12\/auxiliar-de-producao-sao-jose-sc-15\/"]}]},{"@type":"BreadcrumbList","@id":"https:\/\/www.vagasempregosc.com.br\/index.php\/2023\/12\/12\/auxiliar-de-producao-sao-jose-sc-15\/#breadcrumb","itemListElement":[{"@type":"ListItem","position":1,"name":"Home","item":"https:\/\/www.vagasempregosc.com.br\/"},{"@type":"ListItem","position":2,"name":"Auxiliar de Produ\u00e7\u00e3o &#8211; S\u00e3o Jos\u00e9 &#8211; SC"}]},{"@type":"WebSite","@id":"https:\/\/www.vagasempregosc.com.br\/#website","url":"https:\/\/www.vagasempregosc.com.br\/","name":"Vagas Emprego SC","description":"Vagas de emprego e est\u00e1gio em Santa Catarina","publisher":{"@id":"https:\/\/www.vagasempregosc.com.br\/#organization"},"potentialAction":[{"@type":"SearchAction","target":{"@type":"EntryPoint","urlTemplate":"https:\/\/www.vagasempregosc.com.br\/?s={search_term_string}"},"query-input":{"@type":"PropertyValueSpecification","valueRequired":true,"valueName":"search_term_string"}}],"inLanguage":"pt-BR"},{"@type":"Organization","@id":"https:\/\/www.vagasempregosc.com.br\/#organization","name":"Vagas Emprego SC","url":"https:\/\/www.vagasempregosc.com.br\/","logo":{"@type":"ImageObject","inLanguage":"pt-BR","@id":"https:\/\/www.vagasempregosc.com.br\/#\/schema\/logo\/image\/","url":"https:\/\/www.vagasempregosc.com.br\/wp-content\/uploads\/2025\/05\/cropped-logo2015sc.jpg","contentUrl":"https:\/\/www.vagasempregosc.com.br\/wp-content\/uploads\/2025\/05\/cropped-logo2015sc.jpg","width":323,"height":89,"caption":"Vagas Emprego SC"},"image":{"@id":"https:\/\/www.vagasempregosc.com.br\/#\/schema\/logo\/image\/"}},{"@type":"Person","@id":"https:\/\/www.vagasempregosc.com.br\/#\/schema\/person\/e59ecb0cf33cc401d3b82548d1a9baa4","name":"Vagas Emprego SC","image":{"@type":"ImageObject","inLanguage":"pt-BR","@id":"https:\/\/secure.gravatar.com\/avatar\/e198f9393383244894b06db503be8cb43011f384a429c7a9f84f3f61c138a35e?s=96&d=mm&r=g","url":"https:\/\/secure.gravatar.com\/avatar\/e198f9393383244894b06db503be8cb43011f384a429c7a9f84f3f61c138a35e?s=96&d=mm&r=g","contentUrl":"https:\/\/secure.gravatar.com\/avatar\/e198f9393383244894b06db503be8cb43011f384a429c7a9f84f3f61c138a35e?s=96&d=mm&r=g","caption":"Vagas Emprego SC"},"url":"https:\/\/www.vagasempregosc.com.br\/index.php\/author\/vagasemprego\/"}]}},"_links":{"self":[{"href":"https:\/\/www.vagasempregosc.com.br\/index.php\/wp-json\/wp\/v2\/posts\/35751","targetHints":{"allow":["GET"]}}],"collection":[{"href":"https:\/\/www.vagasempregosc.com.br\/index.php\/wp-json\/wp\/v2\/posts"}],"about":[{"href":"https:\/\/www.vagasempregosc.com.br\/index.php\/wp-json\/wp\/v2\/types\/post"}],"author":[{"embeddable":true,"href":"https:\/\/www.vagasempregosc.com.br\/index.php\/wp-json\/wp\/v2\/users\/2"}],"replies":[{"embeddable":true,"href":"https:\/\/www.vagasempregosc.com.br\/index.php\/wp-json\/wp\/v2\/comments?post=35751"}],"version-history":[{"count":0,"href":"https:\/\/www.vagasempregosc.com.br\/index.php\/wp-json\/wp\/v2\/posts\/35751\/revisions"}],"wp:attachment":[{"href":"https:\/\/www.vagasempregosc.com.br\/index.php\/wp-json\/wp\/v2\/media?parent=35751"}],"wp:term":[{"taxonomy":"category","embeddable":true,"href":"https:\/\/www.vagasempregosc.com.br\/index.php\/wp-json\/wp\/v2\/categories?post=35751"},{"taxonomy":"post_tag","embeddable":true,"href":"https:\/\/www.vagasempregosc.com.br\/index.php\/wp-json\/wp\/v2\/tags?post=35751"}],"curies":[{"name":"wp","href":"https:\/\/api.w.org\/{rel}","templated":true}]}}