{"id":43974,"date":"2026-02-23T10:00:16","date_gmt":"2026-02-23T13:00:16","guid":{"rendered":"https:\/\/www.vagasempregosc.com.br\/?p=43974"},"modified":"2026-02-23T12:08:48","modified_gmt":"2026-02-23T15:08:48","slug":"motorista-de-carreta-itajai-sc","status":"publish","type":"post","link":"https:\/\/www.vagasempregosc.com.br\/index.php\/2026\/02\/23\/motorista-de-carreta-itajai-sc\/","title":{"rendered":"Motorista de Carreta &#8211; Itaja\u00ed &#8211; SC"},"content":{"rendered":"<p style=\"text-align: justify;\">Atividades:<\/p>\n<ul style=\"text-align: justify;\">\n<li>Conduzir carreta para entregar cargas diversas dentro de Itaja\u00ed;<\/li>\n<li>Realizar a manuten\u00e7\u00e3o b\u00e1sica, como verifica\u00e7\u00e3o de pneus, n\u00edveis de \u00f3leo, e comunicar falhas para reparos maiores;<\/li>\n<li>Garantir a seguran\u00e7a do ve\u00edculo e da carga, seguindo rigorosamente as leis de tr\u00e2nsito e os procedimentos de seguran\u00e7a da empresa;<\/li>\n<li>Vistoriar a carga e o ve\u00edculo antes de cada viagem, al\u00e9m de manter toda a documenta\u00e7\u00e3o do ve\u00edculo e da carga organizada e atualizada;<\/li>\n<li>Elaborar relat\u00f3rios de viagem e percurso, e definir as rotas para otimizar o transporte e garantir a regularidade;<\/li>\n<li>Supervisionar o carregamento e descarregamento das mercadorias.<\/li>\n<\/ul>\n<p style=\"text-align: justify;\">Requisitos:<\/p>\n<ul style=\"text-align: justify;\">\n<li>Ensino Fundamental Completo;<\/li>\n<li>CNH E;<\/li>\n<li>MOPP;<\/li>\n<li>Residir em Itaja\u00ed ou pr\u00f3ximo.<\/li>\n<\/ul>\n<p style=\"text-align: justify;\">Jornada de Trabalho:<\/p>\n<ul style=\"text-align: justify;\">\n<li>A combinar na entrevista<\/li>\n<\/ul>\n<p style=\"text-align: justify;\">Sal\u00e1rio:<\/p>\n<ul style=\"text-align: justify;\">\n<li>Sal\u00e1rio Inicial R$ 2.585,70<\/li>\n<\/ul>\n<p style=\"text-align: justify;\">Benef\u00edcios:<\/p>\n<ul style=\"text-align: justify;\">\n<li>Vale Transporte ou Aux\u00edlio Combust\u00edvel , Vale Refei\u00e7\u00e3o, Cesta B\u00e1sica, Seguro de Vida, Horas-extras pagas 100% em dinheiro<\/li>\n<\/ul>\n<p style=\"text-align: justify;\">\nEnviar curr\u00edculo informando no assunto do e-mail a vaga de interesse para <a href=\"mailto:vagas@unicarreirarh.com.br\">vagas@unicarreirarh.com.br<\/a><\/p>\n<p style=\"text-align: justify;\">\n","protected":false},"excerpt":{"rendered":"<p>Atividades: Conduzir carreta para entregar cargas diversas dentro de Itaja\u00ed; Realizar a manuten\u00e7\u00e3o b\u00e1sica, como verifica\u00e7\u00e3o de pneus, n\u00edveis de \u00f3leo, e comunicar falhas para [&#8230;]<\/p>\n","protected":false},"author":2,"featured_media":0,"comment_status":"closed","ping_status":"closed","sticky":false,"template":"","format":"standard","meta":{"footnotes":""},"categories":[5,127],"tags":[],"class_list":["post-43974","post","type-post","status-publish","format-standard","hentry","category-ensino-fundamental-completo","category-motorista-de-carreta"],"yoast_head":"<!-- This site is optimized with the Yoast SEO plugin v27.4 - https:\/\/yoast.com\/product\/yoast-seo-wordpress\/ -->\n<title>Motorista de Carreta - Itaja\u00ed - SC - Vagas Emprego SC<\/title>\n<meta name=\"robots\" content=\"index, follow, max-snippet:-1, max-image-preview:large, max-video-preview:-1\" \/>\n<link rel=\"canonical\" href=\"https:\/\/www.vagasempregosc.com.br\/index.php\/2026\/02\/23\/motorista-de-carreta-itajai-sc\/\" \/>\n<meta property=\"og:locale\" content=\"pt_BR\" \/>\n<meta property=\"og:type\" content=\"article\" \/>\n<meta property=\"og:title\" content=\"Motorista de Carreta - Itaja\u00ed - SC - Vagas Emprego SC\" \/>\n<meta property=\"og:description\" content=\"Atividades: Conduzir carreta para entregar cargas diversas dentro de Itaja\u00ed; Realizar a manuten\u00e7\u00e3o b\u00e1sica, como verifica\u00e7\u00e3o de pneus, n\u00edveis de \u00f3leo, e comunicar falhas para [...]\" \/>\n<meta property=\"og:url\" content=\"https:\/\/www.vagasempregosc.com.br\/index.php\/2026\/02\/23\/motorista-de-carreta-itajai-sc\/\" \/>\n<meta property=\"og:site_name\" content=\"Vagas Emprego SC\" \/>\n<meta property=\"article:published_time\" content=\"2026-02-23T13:00:16+00:00\" \/>\n<meta property=\"article:modified_time\" content=\"2026-02-23T15:08:48+00:00\" \/>\n<meta name=\"author\" content=\"Vagas Emprego SC\" \/>\n<meta name=\"twitter:card\" content=\"summary_large_image\" \/>\n<meta name=\"twitter:label1\" content=\"Escrito por\" \/>\n\t<meta name=\"twitter:data1\" content=\"Vagas Emprego SC\" \/>\n\t<meta name=\"twitter:label2\" content=\"Est. tempo de leitura\" \/>\n\t<meta name=\"twitter:data2\" content=\"1 minuto\" \/>\n<script type=\"application\/ld+json\" class=\"yoast-schema-graph\">{\"@context\":\"https:\\\/\\\/schema.org\",\"@graph\":[{\"@type\":\"Article\",\"@id\":\"https:\\\/\\\/www.vagasempregosc.com.br\\\/index.php\\\/2026\\\/02\\\/23\\\/motorista-de-carreta-itajai-sc\\\/#article\",\"isPartOf\":{\"@id\":\"https:\\\/\\\/www.vagasempregosc.com.br\\\/index.php\\\/2026\\\/02\\\/23\\\/motorista-de-carreta-itajai-sc\\\/\"},\"author\":{\"name\":\"Vagas Emprego SC\",\"@id\":\"https:\\\/\\\/www.vagasempregosc.com.br\\\/#\\\/schema\\\/person\\\/e59ecb0cf33cc401d3b82548d1a9baa4\"},\"headline\":\"Motorista de Carreta &#8211; Itaja\u00ed &#8211; SC\",\"datePublished\":\"2026-02-23T13:00:16+00:00\",\"dateModified\":\"2026-02-23T15:08:48+00:00\",\"mainEntityOfPage\":{\"@id\":\"https:\\\/\\\/www.vagasempregosc.com.br\\\/index.php\\\/2026\\\/02\\\/23\\\/motorista-de-carreta-itajai-sc\\\/\"},\"wordCount\":182,\"publisher\":{\"@id\":\"https:\\\/\\\/www.vagasempregosc.com.br\\\/#organization\"},\"articleSection\":[\"ensino fundamental\",\"motorista de carreta\"],\"inLanguage\":\"pt-BR\"},{\"@type\":\"WebPage\",\"@id\":\"https:\\\/\\\/www.vagasempregosc.com.br\\\/index.php\\\/2026\\\/02\\\/23\\\/motorista-de-carreta-itajai-sc\\\/\",\"url\":\"https:\\\/\\\/www.vagasempregosc.com.br\\\/index.php\\\/2026\\\/02\\\/23\\\/motorista-de-carreta-itajai-sc\\\/\",\"name\":\"Motorista de Carreta - Itaja\u00ed - SC - Vagas Emprego SC\",\"isPartOf\":{\"@id\":\"https:\\\/\\\/www.vagasempregosc.com.br\\\/#website\"},\"datePublished\":\"2026-02-23T13:00:16+00:00\",\"dateModified\":\"2026-02-23T15:08:48+00:00\",\"breadcrumb\":{\"@id\":\"https:\\\/\\\/www.vagasempregosc.com.br\\\/index.php\\\/2026\\\/02\\\/23\\\/motorista-de-carreta-itajai-sc\\\/#breadcrumb\"},\"inLanguage\":\"pt-BR\",\"potentialAction\":[{\"@type\":\"ReadAction\",\"target\":[\"https:\\\/\\\/www.vagasempregosc.com.br\\\/index.php\\\/2026\\\/02\\\/23\\\/motorista-de-carreta-itajai-sc\\\/\"]}]},{\"@type\":\"BreadcrumbList\",\"@id\":\"https:\\\/\\\/www.vagasempregosc.com.br\\\/index.php\\\/2026\\\/02\\\/23\\\/motorista-de-carreta-itajai-sc\\\/#breadcrumb\",\"itemListElement\":[{\"@type\":\"ListItem\",\"position\":1,\"name\":\"Home\",\"item\":\"https:\\\/\\\/www.vagasempregosc.com.br\\\/\"},{\"@type\":\"ListItem\",\"position\":2,\"name\":\"Motorista de Carreta &#8211; Itaja\u00ed &#8211; SC\"}]},{\"@type\":\"WebSite\",\"@id\":\"https:\\\/\\\/www.vagasempregosc.com.br\\\/#website\",\"url\":\"https:\\\/\\\/www.vagasempregosc.com.br\\\/\",\"name\":\"Vagas Emprego SC\",\"description\":\"Vagas de emprego e est\u00e1gio em Santa Catarina\",\"publisher\":{\"@id\":\"https:\\\/\\\/www.vagasempregosc.com.br\\\/#organization\"},\"potentialAction\":[{\"@type\":\"SearchAction\",\"target\":{\"@type\":\"EntryPoint\",\"urlTemplate\":\"https:\\\/\\\/www.vagasempregosc.com.br\\\/?s={search_term_string}\"},\"query-input\":{\"@type\":\"PropertyValueSpecification\",\"valueRequired\":true,\"valueName\":\"search_term_string\"}}],\"inLanguage\":\"pt-BR\"},{\"@type\":\"Organization\",\"@id\":\"https:\\\/\\\/www.vagasempregosc.com.br\\\/#organization\",\"name\":\"Vagas Emprego SC\",\"url\":\"https:\\\/\\\/www.vagasempregosc.com.br\\\/\",\"logo\":{\"@type\":\"ImageObject\",\"inLanguage\":\"pt-BR\",\"@id\":\"https:\\\/\\\/www.vagasempregosc.com.br\\\/#\\\/schema\\\/logo\\\/image\\\/\",\"url\":\"https:\\\/\\\/www.vagasempregosc.com.br\\\/wp-content\\\/uploads\\\/2025\\\/05\\\/cropped-logo2015sc.jpg\",\"contentUrl\":\"https:\\\/\\\/www.vagasempregosc.com.br\\\/wp-content\\\/uploads\\\/2025\\\/05\\\/cropped-logo2015sc.jpg\",\"width\":323,\"height\":89,\"caption\":\"Vagas Emprego SC\"},\"image\":{\"@id\":\"https:\\\/\\\/www.vagasempregosc.com.br\\\/#\\\/schema\\\/logo\\\/image\\\/\"}},{\"@type\":\"Person\",\"@id\":\"https:\\\/\\\/www.vagasempregosc.com.br\\\/#\\\/schema\\\/person\\\/e59ecb0cf33cc401d3b82548d1a9baa4\",\"name\":\"Vagas Emprego SC\",\"image\":{\"@type\":\"ImageObject\",\"inLanguage\":\"pt-BR\",\"@id\":\"https:\\\/\\\/secure.gravatar.com\\\/avatar\\\/e198f9393383244894b06db503be8cb43011f384a429c7a9f84f3f61c138a35e?s=96&d=mm&r=g\",\"url\":\"https:\\\/\\\/secure.gravatar.com\\\/avatar\\\/e198f9393383244894b06db503be8cb43011f384a429c7a9f84f3f61c138a35e?s=96&d=mm&r=g\",\"contentUrl\":\"https:\\\/\\\/secure.gravatar.com\\\/avatar\\\/e198f9393383244894b06db503be8cb43011f384a429c7a9f84f3f61c138a35e?s=96&d=mm&r=g\",\"caption\":\"Vagas Emprego SC\"},\"url\":\"https:\\\/\\\/www.vagasempregosc.com.br\\\/index.php\\\/author\\\/vagasemprego\\\/\"}]}<\/script>\n<!-- \/ Yoast SEO plugin. -->","yoast_head_json":{"title":"Motorista de Carreta - Itaja\u00ed - SC - Vagas Emprego SC","robots":{"index":"index","follow":"follow","max-snippet":"max-snippet:-1","max-image-preview":"max-image-preview:large","max-video-preview":"max-video-preview:-1"},"canonical":"https:\/\/www.vagasempregosc.com.br\/index.php\/2026\/02\/23\/motorista-de-carreta-itajai-sc\/","og_locale":"pt_BR","og_type":"article","og_title":"Motorista de Carreta - Itaja\u00ed - SC - Vagas Emprego SC","og_description":"Atividades: Conduzir carreta para entregar cargas diversas dentro de Itaja\u00ed; Realizar a manuten\u00e7\u00e3o b\u00e1sica, como verifica\u00e7\u00e3o de pneus, n\u00edveis de \u00f3leo, e comunicar falhas para [...]","og_url":"https:\/\/www.vagasempregosc.com.br\/index.php\/2026\/02\/23\/motorista-de-carreta-itajai-sc\/","og_site_name":"Vagas Emprego SC","article_published_time":"2026-02-23T13:00:16+00:00","article_modified_time":"2026-02-23T15:08:48+00:00","author":"Vagas Emprego SC","twitter_card":"summary_large_image","twitter_misc":{"Escrito por":"Vagas Emprego SC","Est. tempo de leitura":"1 minuto"},"schema":{"@context":"https:\/\/schema.org","@graph":[{"@type":"Article","@id":"https:\/\/www.vagasempregosc.com.br\/index.php\/2026\/02\/23\/motorista-de-carreta-itajai-sc\/#article","isPartOf":{"@id":"https:\/\/www.vagasempregosc.com.br\/index.php\/2026\/02\/23\/motorista-de-carreta-itajai-sc\/"},"author":{"name":"Vagas Emprego SC","@id":"https:\/\/www.vagasempregosc.com.br\/#\/schema\/person\/e59ecb0cf33cc401d3b82548d1a9baa4"},"headline":"Motorista de Carreta &#8211; Itaja\u00ed &#8211; SC","datePublished":"2026-02-23T13:00:16+00:00","dateModified":"2026-02-23T15:08:48+00:00","mainEntityOfPage":{"@id":"https:\/\/www.vagasempregosc.com.br\/index.php\/2026\/02\/23\/motorista-de-carreta-itajai-sc\/"},"wordCount":182,"publisher":{"@id":"https:\/\/www.vagasempregosc.com.br\/#organization"},"articleSection":["ensino fundamental","motorista de carreta"],"inLanguage":"pt-BR"},{"@type":"WebPage","@id":"https:\/\/www.vagasempregosc.com.br\/index.php\/2026\/02\/23\/motorista-de-carreta-itajai-sc\/","url":"https:\/\/www.vagasempregosc.com.br\/index.php\/2026\/02\/23\/motorista-de-carreta-itajai-sc\/","name":"Motorista de Carreta - Itaja\u00ed - SC - Vagas Emprego SC","isPartOf":{"@id":"https:\/\/www.vagasempregosc.com.br\/#website"},"datePublished":"2026-02-23T13:00:16+00:00","dateModified":"2026-02-23T15:08:48+00:00","breadcrumb":{"@id":"https:\/\/www.vagasempregosc.com.br\/index.php\/2026\/02\/23\/motorista-de-carreta-itajai-sc\/#breadcrumb"},"inLanguage":"pt-BR","potentialAction":[{"@type":"ReadAction","target":["https:\/\/www.vagasempregosc.com.br\/index.php\/2026\/02\/23\/motorista-de-carreta-itajai-sc\/"]}]},{"@type":"BreadcrumbList","@id":"https:\/\/www.vagasempregosc.com.br\/index.php\/2026\/02\/23\/motorista-de-carreta-itajai-sc\/#breadcrumb","itemListElement":[{"@type":"ListItem","position":1,"name":"Home","item":"https:\/\/www.vagasempregosc.com.br\/"},{"@type":"ListItem","position":2,"name":"Motorista de Carreta &#8211; Itaja\u00ed &#8211; SC"}]},{"@type":"WebSite","@id":"https:\/\/www.vagasempregosc.com.br\/#website","url":"https:\/\/www.vagasempregosc.com.br\/","name":"Vagas Emprego SC","description":"Vagas de emprego e est\u00e1gio em Santa Catarina","publisher":{"@id":"https:\/\/www.vagasempregosc.com.br\/#organization"},"potentialAction":[{"@type":"SearchAction","target":{"@type":"EntryPoint","urlTemplate":"https:\/\/www.vagasempregosc.com.br\/?s={search_term_string}"},"query-input":{"@type":"PropertyValueSpecification","valueRequired":true,"valueName":"search_term_string"}}],"inLanguage":"pt-BR"},{"@type":"Organization","@id":"https:\/\/www.vagasempregosc.com.br\/#organization","name":"Vagas Emprego SC","url":"https:\/\/www.vagasempregosc.com.br\/","logo":{"@type":"ImageObject","inLanguage":"pt-BR","@id":"https:\/\/www.vagasempregosc.com.br\/#\/schema\/logo\/image\/","url":"https:\/\/www.vagasempregosc.com.br\/wp-content\/uploads\/2025\/05\/cropped-logo2015sc.jpg","contentUrl":"https:\/\/www.vagasempregosc.com.br\/wp-content\/uploads\/2025\/05\/cropped-logo2015sc.jpg","width":323,"height":89,"caption":"Vagas Emprego SC"},"image":{"@id":"https:\/\/www.vagasempregosc.com.br\/#\/schema\/logo\/image\/"}},{"@type":"Person","@id":"https:\/\/www.vagasempregosc.com.br\/#\/schema\/person\/e59ecb0cf33cc401d3b82548d1a9baa4","name":"Vagas Emprego SC","image":{"@type":"ImageObject","inLanguage":"pt-BR","@id":"https:\/\/secure.gravatar.com\/avatar\/e198f9393383244894b06db503be8cb43011f384a429c7a9f84f3f61c138a35e?s=96&d=mm&r=g","url":"https:\/\/secure.gravatar.com\/avatar\/e198f9393383244894b06db503be8cb43011f384a429c7a9f84f3f61c138a35e?s=96&d=mm&r=g","contentUrl":"https:\/\/secure.gravatar.com\/avatar\/e198f9393383244894b06db503be8cb43011f384a429c7a9f84f3f61c138a35e?s=96&d=mm&r=g","caption":"Vagas Emprego SC"},"url":"https:\/\/www.vagasempregosc.com.br\/index.php\/author\/vagasemprego\/"}]}},"_links":{"self":[{"href":"https:\/\/www.vagasempregosc.com.br\/index.php\/wp-json\/wp\/v2\/posts\/43974","targetHints":{"allow":["GET"]}}],"collection":[{"href":"https:\/\/www.vagasempregosc.com.br\/index.php\/wp-json\/wp\/v2\/posts"}],"about":[{"href":"https:\/\/www.vagasempregosc.com.br\/index.php\/wp-json\/wp\/v2\/types\/post"}],"author":[{"embeddable":true,"href":"https:\/\/www.vagasempregosc.com.br\/index.php\/wp-json\/wp\/v2\/users\/2"}],"replies":[{"embeddable":true,"href":"https:\/\/www.vagasempregosc.com.br\/index.php\/wp-json\/wp\/v2\/comments?post=43974"}],"version-history":[{"count":1,"href":"https:\/\/www.vagasempregosc.com.br\/index.php\/wp-json\/wp\/v2\/posts\/43974\/revisions"}],"predecessor-version":[{"id":43975,"href":"https:\/\/www.vagasempregosc.com.br\/index.php\/wp-json\/wp\/v2\/posts\/43974\/revisions\/43975"}],"wp:attachment":[{"href":"https:\/\/www.vagasempregosc.com.br\/index.php\/wp-json\/wp\/v2\/media?parent=43974"}],"wp:term":[{"taxonomy":"category","embeddable":true,"href":"https:\/\/www.vagasempregosc.com.br\/index.php\/wp-json\/wp\/v2\/categories?post=43974"},{"taxonomy":"post_tag","embeddable":true,"href":"https:\/\/www.vagasempregosc.com.br\/index.php\/wp-json\/wp\/v2\/tags?post=43974"}],"curies":[{"name":"wp","href":"https:\/\/api.w.org\/{rel}","templated":true}]}}