{"id":44275,"date":"2026-04-08T15:00:43","date_gmt":"2026-04-08T18:00:43","guid":{"rendered":"https:\/\/www.vagasempregosc.com.br\/?p=44275"},"modified":"2026-04-07T20:58:34","modified_gmt":"2026-04-07T23:58:34","slug":"mecanico-diesel-tijucas-sc-2","status":"publish","type":"post","link":"https:\/\/www.vagasempregosc.com.br\/index.php\/2026\/04\/08\/mecanico-diesel-tijucas-sc-2\/","title":{"rendered":"Mec\u00e2nico Diesel &#8211; Tijucas &#8211; SC"},"content":{"rendered":"<p style=\"text-align: justify;\">Requisitos:<\/p>\n<ul style=\"text-align: justify;\">\n<li>Necess\u00e1rio experi\u00eancia com diagn\u00f3stico de ve\u00edculos multimarcas, linha pesada<\/li>\n<li>Cursos de mec\u00e2nica automotiva e\/ou mec\u00e2nico diesel<\/li>\n<li>Conhecimento em el\u00e9trica e mec\u00e2nica<\/li>\n<li>Necess\u00e1rio ve\u00edculo pr\u00f3prio para seu deslocamento di\u00e1rio<\/li>\n<\/ul>\n<p style=\"text-align: justify;\">Jornada de Trabalho:<\/p>\n<ul style=\"text-align: justify;\">\n<li>Segunda a sexta-feira das 08:00 \u00e0s 17:48<\/li>\n<\/ul>\n<p style=\"text-align: justify;\">Remunera\u00e7\u00e3o:<\/p>\n<ul style=\"text-align: justify;\">\n<li>Sal\u00e1rio a combinar<\/li>\n<\/ul>\n<p style=\"text-align: justify;\">Benef\u00edcios:<\/p>\n<ul style=\"text-align: justify;\">\n<li>Refeit\u00f3rio pr\u00f3prio, conv\u00eanio m\u00e9dico, conv\u00eanio farm\u00e1cia, conv\u00eanio odontol\u00f3gico, plano de bonifica\u00e7\u00e3o<\/li>\n<\/ul>\n<p style=\"text-align: justify;\">Observa\u00e7\u00f5es:<\/p>\n<ul style=\"text-align: justify;\">\n<li>Enviar curr\u00edculo e mencionar no assunto MECANICO DIESEL TIJUCAS<\/li>\n<\/ul>\n<p style=\"text-align: justify;\">Enviar curr\u00edculo informando no assunto do e-mail a vaga de interesse para <a href=\"mailto:oportunidades@rhviver.com\">oportunidades@rhviver.com<\/a><\/p>\n","protected":false},"excerpt":{"rendered":"<p>Requisitos: Necess\u00e1rio experi\u00eancia com diagn\u00f3stico de ve\u00edculos multimarcas, linha pesada Cursos de mec\u00e2nica automotiva e\/ou mec\u00e2nico diesel Conhecimento em el\u00e9trica e mec\u00e2nica Necess\u00e1rio ve\u00edculo pr\u00f3prio [&#8230;]<\/p>\n","protected":false},"author":2,"featured_media":0,"comment_status":"closed","ping_status":"closed","sticky":false,"template":"","format":"standard","meta":{"footnotes":""},"categories":[129],"tags":[],"class_list":["post-44275","post","type-post","status-publish","format-standard","hentry","category-mecanico-diesel"],"yoast_head":"<!-- This site is optimized with the Yoast SEO plugin v27.5 - https:\/\/yoast.com\/product\/yoast-seo-wordpress\/ -->\n<title>Mec\u00e2nico Diesel - Tijucas - SC - Vagas Emprego SC<\/title>\n<meta name=\"robots\" content=\"index, follow, max-snippet:-1, max-image-preview:large, max-video-preview:-1\" \/>\n<link rel=\"canonical\" href=\"https:\/\/www.vagasempregosc.com.br\/index.php\/2026\/04\/08\/mecanico-diesel-tijucas-sc-2\/\" \/>\n<meta property=\"og:locale\" content=\"pt_BR\" \/>\n<meta property=\"og:type\" content=\"article\" \/>\n<meta property=\"og:title\" content=\"Mec\u00e2nico Diesel - Tijucas - SC - Vagas Emprego SC\" \/>\n<meta property=\"og:description\" content=\"Requisitos: Necess\u00e1rio experi\u00eancia com diagn\u00f3stico de ve\u00edculos multimarcas, linha pesada Cursos de mec\u00e2nica automotiva e\/ou mec\u00e2nico diesel Conhecimento em el\u00e9trica e mec\u00e2nica Necess\u00e1rio ve\u00edculo pr\u00f3prio [...]\" \/>\n<meta property=\"og:url\" content=\"https:\/\/www.vagasempregosc.com.br\/index.php\/2026\/04\/08\/mecanico-diesel-tijucas-sc-2\/\" \/>\n<meta property=\"og:site_name\" content=\"Vagas Emprego SC\" \/>\n<meta property=\"article:published_time\" content=\"2026-04-08T18:00:43+00:00\" \/>\n<meta name=\"author\" content=\"Vagas Emprego SC\" \/>\n<meta name=\"twitter:card\" content=\"summary_large_image\" \/>\n<meta name=\"twitter:label1\" content=\"Escrito por\" \/>\n\t<meta name=\"twitter:data1\" content=\"Vagas Emprego SC\" \/>\n\t<meta name=\"twitter:label2\" content=\"Est. tempo de leitura\" \/>\n\t<meta name=\"twitter:data2\" content=\"1 minuto\" \/>\n<script type=\"application\/ld+json\" class=\"yoast-schema-graph\">{\"@context\":\"https:\\\/\\\/schema.org\",\"@graph\":[{\"@type\":\"Article\",\"@id\":\"https:\\\/\\\/www.vagasempregosc.com.br\\\/index.php\\\/2026\\\/04\\\/08\\\/mecanico-diesel-tijucas-sc-2\\\/#article\",\"isPartOf\":{\"@id\":\"https:\\\/\\\/www.vagasempregosc.com.br\\\/index.php\\\/2026\\\/04\\\/08\\\/mecanico-diesel-tijucas-sc-2\\\/\"},\"author\":{\"name\":\"Vagas Emprego SC\",\"@id\":\"https:\\\/\\\/www.vagasempregosc.com.br\\\/#\\\/schema\\\/person\\\/e59ecb0cf33cc401d3b82548d1a9baa4\"},\"headline\":\"Mec\u00e2nico Diesel &#8211; Tijucas &#8211; SC\",\"datePublished\":\"2026-04-08T18:00:43+00:00\",\"mainEntityOfPage\":{\"@id\":\"https:\\\/\\\/www.vagasempregosc.com.br\\\/index.php\\\/2026\\\/04\\\/08\\\/mecanico-diesel-tijucas-sc-2\\\/\"},\"wordCount\":113,\"publisher\":{\"@id\":\"https:\\\/\\\/www.vagasempregosc.com.br\\\/#organization\"},\"articleSection\":[\"mec\u00e2nico diesel\"],\"inLanguage\":\"pt-BR\"},{\"@type\":\"WebPage\",\"@id\":\"https:\\\/\\\/www.vagasempregosc.com.br\\\/index.php\\\/2026\\\/04\\\/08\\\/mecanico-diesel-tijucas-sc-2\\\/\",\"url\":\"https:\\\/\\\/www.vagasempregosc.com.br\\\/index.php\\\/2026\\\/04\\\/08\\\/mecanico-diesel-tijucas-sc-2\\\/\",\"name\":\"Mec\u00e2nico Diesel - Tijucas - SC - Vagas Emprego SC\",\"isPartOf\":{\"@id\":\"https:\\\/\\\/www.vagasempregosc.com.br\\\/#website\"},\"datePublished\":\"2026-04-08T18:00:43+00:00\",\"breadcrumb\":{\"@id\":\"https:\\\/\\\/www.vagasempregosc.com.br\\\/index.php\\\/2026\\\/04\\\/08\\\/mecanico-diesel-tijucas-sc-2\\\/#breadcrumb\"},\"inLanguage\":\"pt-BR\",\"potentialAction\":[{\"@type\":\"ReadAction\",\"target\":[\"https:\\\/\\\/www.vagasempregosc.com.br\\\/index.php\\\/2026\\\/04\\\/08\\\/mecanico-diesel-tijucas-sc-2\\\/\"]}]},{\"@type\":\"BreadcrumbList\",\"@id\":\"https:\\\/\\\/www.vagasempregosc.com.br\\\/index.php\\\/2026\\\/04\\\/08\\\/mecanico-diesel-tijucas-sc-2\\\/#breadcrumb\",\"itemListElement\":[{\"@type\":\"ListItem\",\"position\":1,\"name\":\"Home\",\"item\":\"https:\\\/\\\/www.vagasempregosc.com.br\\\/\"},{\"@type\":\"ListItem\",\"position\":2,\"name\":\"Mec\u00e2nico Diesel &#8211; Tijucas &#8211; SC\"}]},{\"@type\":\"WebSite\",\"@id\":\"https:\\\/\\\/www.vagasempregosc.com.br\\\/#website\",\"url\":\"https:\\\/\\\/www.vagasempregosc.com.br\\\/\",\"name\":\"Vagas Emprego SC\",\"description\":\"Vagas de emprego e est\u00e1gio em Santa Catarina\",\"publisher\":{\"@id\":\"https:\\\/\\\/www.vagasempregosc.com.br\\\/#organization\"},\"potentialAction\":[{\"@type\":\"SearchAction\",\"target\":{\"@type\":\"EntryPoint\",\"urlTemplate\":\"https:\\\/\\\/www.vagasempregosc.com.br\\\/?s={search_term_string}\"},\"query-input\":{\"@type\":\"PropertyValueSpecification\",\"valueRequired\":true,\"valueName\":\"search_term_string\"}}],\"inLanguage\":\"pt-BR\"},{\"@type\":\"Organization\",\"@id\":\"https:\\\/\\\/www.vagasempregosc.com.br\\\/#organization\",\"name\":\"Vagas Emprego SC\",\"url\":\"https:\\\/\\\/www.vagasempregosc.com.br\\\/\",\"logo\":{\"@type\":\"ImageObject\",\"inLanguage\":\"pt-BR\",\"@id\":\"https:\\\/\\\/www.vagasempregosc.com.br\\\/#\\\/schema\\\/logo\\\/image\\\/\",\"url\":\"https:\\\/\\\/www.vagasempregosc.com.br\\\/wp-content\\\/uploads\\\/2025\\\/05\\\/cropped-logo2015sc.jpg\",\"contentUrl\":\"https:\\\/\\\/www.vagasempregosc.com.br\\\/wp-content\\\/uploads\\\/2025\\\/05\\\/cropped-logo2015sc.jpg\",\"width\":323,\"height\":89,\"caption\":\"Vagas Emprego SC\"},\"image\":{\"@id\":\"https:\\\/\\\/www.vagasempregosc.com.br\\\/#\\\/schema\\\/logo\\\/image\\\/\"}},{\"@type\":\"Person\",\"@id\":\"https:\\\/\\\/www.vagasempregosc.com.br\\\/#\\\/schema\\\/person\\\/e59ecb0cf33cc401d3b82548d1a9baa4\",\"name\":\"Vagas Emprego SC\",\"image\":{\"@type\":\"ImageObject\",\"inLanguage\":\"pt-BR\",\"@id\":\"https:\\\/\\\/secure.gravatar.com\\\/avatar\\\/e198f9393383244894b06db503be8cb43011f384a429c7a9f84f3f61c138a35e?s=96&d=mm&r=g\",\"url\":\"https:\\\/\\\/secure.gravatar.com\\\/avatar\\\/e198f9393383244894b06db503be8cb43011f384a429c7a9f84f3f61c138a35e?s=96&d=mm&r=g\",\"contentUrl\":\"https:\\\/\\\/secure.gravatar.com\\\/avatar\\\/e198f9393383244894b06db503be8cb43011f384a429c7a9f84f3f61c138a35e?s=96&d=mm&r=g\",\"caption\":\"Vagas Emprego SC\"},\"url\":\"https:\\\/\\\/www.vagasempregosc.com.br\\\/index.php\\\/author\\\/vagasemprego\\\/\"}]}<\/script>\n<!-- \/ Yoast SEO plugin. -->","yoast_head_json":{"title":"Mec\u00e2nico Diesel - Tijucas - SC - Vagas Emprego SC","robots":{"index":"index","follow":"follow","max-snippet":"max-snippet:-1","max-image-preview":"max-image-preview:large","max-video-preview":"max-video-preview:-1"},"canonical":"https:\/\/www.vagasempregosc.com.br\/index.php\/2026\/04\/08\/mecanico-diesel-tijucas-sc-2\/","og_locale":"pt_BR","og_type":"article","og_title":"Mec\u00e2nico Diesel - Tijucas - SC - Vagas Emprego SC","og_description":"Requisitos: Necess\u00e1rio experi\u00eancia com diagn\u00f3stico de ve\u00edculos multimarcas, linha pesada Cursos de mec\u00e2nica automotiva e\/ou mec\u00e2nico diesel Conhecimento em el\u00e9trica e mec\u00e2nica Necess\u00e1rio ve\u00edculo pr\u00f3prio [...]","og_url":"https:\/\/www.vagasempregosc.com.br\/index.php\/2026\/04\/08\/mecanico-diesel-tijucas-sc-2\/","og_site_name":"Vagas Emprego SC","article_published_time":"2026-04-08T18:00:43+00:00","author":"Vagas Emprego SC","twitter_card":"summary_large_image","twitter_misc":{"Escrito por":"Vagas Emprego SC","Est. tempo de leitura":"1 minuto"},"schema":{"@context":"https:\/\/schema.org","@graph":[{"@type":"Article","@id":"https:\/\/www.vagasempregosc.com.br\/index.php\/2026\/04\/08\/mecanico-diesel-tijucas-sc-2\/#article","isPartOf":{"@id":"https:\/\/www.vagasempregosc.com.br\/index.php\/2026\/04\/08\/mecanico-diesel-tijucas-sc-2\/"},"author":{"name":"Vagas Emprego SC","@id":"https:\/\/www.vagasempregosc.com.br\/#\/schema\/person\/e59ecb0cf33cc401d3b82548d1a9baa4"},"headline":"Mec\u00e2nico Diesel &#8211; Tijucas &#8211; SC","datePublished":"2026-04-08T18:00:43+00:00","mainEntityOfPage":{"@id":"https:\/\/www.vagasempregosc.com.br\/index.php\/2026\/04\/08\/mecanico-diesel-tijucas-sc-2\/"},"wordCount":113,"publisher":{"@id":"https:\/\/www.vagasempregosc.com.br\/#organization"},"articleSection":["mec\u00e2nico diesel"],"inLanguage":"pt-BR"},{"@type":"WebPage","@id":"https:\/\/www.vagasempregosc.com.br\/index.php\/2026\/04\/08\/mecanico-diesel-tijucas-sc-2\/","url":"https:\/\/www.vagasempregosc.com.br\/index.php\/2026\/04\/08\/mecanico-diesel-tijucas-sc-2\/","name":"Mec\u00e2nico Diesel - Tijucas - SC - Vagas Emprego SC","isPartOf":{"@id":"https:\/\/www.vagasempregosc.com.br\/#website"},"datePublished":"2026-04-08T18:00:43+00:00","breadcrumb":{"@id":"https:\/\/www.vagasempregosc.com.br\/index.php\/2026\/04\/08\/mecanico-diesel-tijucas-sc-2\/#breadcrumb"},"inLanguage":"pt-BR","potentialAction":[{"@type":"ReadAction","target":["https:\/\/www.vagasempregosc.com.br\/index.php\/2026\/04\/08\/mecanico-diesel-tijucas-sc-2\/"]}]},{"@type":"BreadcrumbList","@id":"https:\/\/www.vagasempregosc.com.br\/index.php\/2026\/04\/08\/mecanico-diesel-tijucas-sc-2\/#breadcrumb","itemListElement":[{"@type":"ListItem","position":1,"name":"Home","item":"https:\/\/www.vagasempregosc.com.br\/"},{"@type":"ListItem","position":2,"name":"Mec\u00e2nico Diesel &#8211; Tijucas &#8211; SC"}]},{"@type":"WebSite","@id":"https:\/\/www.vagasempregosc.com.br\/#website","url":"https:\/\/www.vagasempregosc.com.br\/","name":"Vagas Emprego SC","description":"Vagas de emprego e est\u00e1gio em Santa Catarina","publisher":{"@id":"https:\/\/www.vagasempregosc.com.br\/#organization"},"potentialAction":[{"@type":"SearchAction","target":{"@type":"EntryPoint","urlTemplate":"https:\/\/www.vagasempregosc.com.br\/?s={search_term_string}"},"query-input":{"@type":"PropertyValueSpecification","valueRequired":true,"valueName":"search_term_string"}}],"inLanguage":"pt-BR"},{"@type":"Organization","@id":"https:\/\/www.vagasempregosc.com.br\/#organization","name":"Vagas Emprego SC","url":"https:\/\/www.vagasempregosc.com.br\/","logo":{"@type":"ImageObject","inLanguage":"pt-BR","@id":"https:\/\/www.vagasempregosc.com.br\/#\/schema\/logo\/image\/","url":"https:\/\/www.vagasempregosc.com.br\/wp-content\/uploads\/2025\/05\/cropped-logo2015sc.jpg","contentUrl":"https:\/\/www.vagasempregosc.com.br\/wp-content\/uploads\/2025\/05\/cropped-logo2015sc.jpg","width":323,"height":89,"caption":"Vagas Emprego SC"},"image":{"@id":"https:\/\/www.vagasempregosc.com.br\/#\/schema\/logo\/image\/"}},{"@type":"Person","@id":"https:\/\/www.vagasempregosc.com.br\/#\/schema\/person\/e59ecb0cf33cc401d3b82548d1a9baa4","name":"Vagas Emprego SC","image":{"@type":"ImageObject","inLanguage":"pt-BR","@id":"https:\/\/secure.gravatar.com\/avatar\/e198f9393383244894b06db503be8cb43011f384a429c7a9f84f3f61c138a35e?s=96&d=mm&r=g","url":"https:\/\/secure.gravatar.com\/avatar\/e198f9393383244894b06db503be8cb43011f384a429c7a9f84f3f61c138a35e?s=96&d=mm&r=g","contentUrl":"https:\/\/secure.gravatar.com\/avatar\/e198f9393383244894b06db503be8cb43011f384a429c7a9f84f3f61c138a35e?s=96&d=mm&r=g","caption":"Vagas Emprego SC"},"url":"https:\/\/www.vagasempregosc.com.br\/index.php\/author\/vagasemprego\/"}]}},"_links":{"self":[{"href":"https:\/\/www.vagasempregosc.com.br\/index.php\/wp-json\/wp\/v2\/posts\/44275","targetHints":{"allow":["GET"]}}],"collection":[{"href":"https:\/\/www.vagasempregosc.com.br\/index.php\/wp-json\/wp\/v2\/posts"}],"about":[{"href":"https:\/\/www.vagasempregosc.com.br\/index.php\/wp-json\/wp\/v2\/types\/post"}],"author":[{"embeddable":true,"href":"https:\/\/www.vagasempregosc.com.br\/index.php\/wp-json\/wp\/v2\/users\/2"}],"replies":[{"embeddable":true,"href":"https:\/\/www.vagasempregosc.com.br\/index.php\/wp-json\/wp\/v2\/comments?post=44275"}],"version-history":[{"count":1,"href":"https:\/\/www.vagasempregosc.com.br\/index.php\/wp-json\/wp\/v2\/posts\/44275\/revisions"}],"predecessor-version":[{"id":44276,"href":"https:\/\/www.vagasempregosc.com.br\/index.php\/wp-json\/wp\/v2\/posts\/44275\/revisions\/44276"}],"wp:attachment":[{"href":"https:\/\/www.vagasempregosc.com.br\/index.php\/wp-json\/wp\/v2\/media?parent=44275"}],"wp:term":[{"taxonomy":"category","embeddable":true,"href":"https:\/\/www.vagasempregosc.com.br\/index.php\/wp-json\/wp\/v2\/categories?post=44275"},{"taxonomy":"post_tag","embeddable":true,"href":"https:\/\/www.vagasempregosc.com.br\/index.php\/wp-json\/wp\/v2\/tags?post=44275"}],"curies":[{"name":"wp","href":"https:\/\/api.w.org\/{rel}","templated":true}]}}