{"id":44451,"date":"2026-04-28T09:00:52","date_gmt":"2026-04-28T12:00:52","guid":{"rendered":"https:\/\/www.vagasempregosc.com.br\/?p=44451"},"modified":"2026-04-28T00:53:15","modified_gmt":"2026-04-28T03:53:15","slug":"biomedica-esteticista-porto-belo-sc","status":"publish","type":"post","link":"https:\/\/www.vagasempregosc.com.br\/index.php\/2026\/04\/28\/biomedica-esteticista-porto-belo-sc\/","title":{"rendered":"Biom\u00e9dica Esteticista &#8211; Porto Belo &#8211; SC"},"content":{"rendered":"<p style=\"text-align: justify;\">Atribui\u00e7\u00f5es:<\/p>\n<ul style=\"text-align: justify;\">\n<li>Somos uma rede de cl\u00ednicas de est\u00e9tica com foco em bem\u2011estar e inova\u00e7\u00e3o, localizada em Porto Belo. Buscamos uma Biom\u00e9dica<\/li>\n<li>Esteticista apaixonada por cuidados com o corpo e que queira fazer parte de uma equipe dedicada a oferecer experi\u00eancias transformadoras aos nossos clientes.<\/li>\n<\/ul>\n<p style=\"text-align: justify;\">Ativividades:<\/p>\n<ul style=\"text-align: justify;\">\n<li>Realizar atendimentos est\u00e9ticos corporais e faciais conforme protocolos da cl\u00ednica<\/li>\n<li>Executar aplica\u00e7\u00f5es de enzimas e outros ativos est\u00e9ticos (n\u00e3o medicamentosos)<\/li>\n<li>Operar equipamentos est\u00e9ticos, como radiofrequ\u00eancia, criolip\u00f3lise e demais tecnologias dispon\u00edveis<\/li>\n<li>Avaliar os clientes e indicar os protocolos mais adequados dentro dos servi\u00e7os oferecidos<\/li>\n<li>Acompanhar a evolu\u00e7\u00e3o dos resultados dos pacientes<\/li>\n<li>Garantir a correta higieniza\u00e7\u00e3o, organiza\u00e7\u00e3o e biosseguran\u00e7a dos procedimentos<\/li>\n<li>Prestar orienta\u00e7\u00f5es pr\u00e9 e p\u00f3s-procedimentos aos clientes<\/li>\n<li>Apoiar na fideliza\u00e7\u00e3o e experi\u00eancia do cliente durante o tratamento<\/li>\n<\/ul>\n<p style=\"text-align: justify;\">Requisitos:<\/p>\n<ul style=\"text-align: justify;\">\n<li>Gradua\u00e7\u00e3o em Biomedicina<\/li>\n<li>Especializa\u00e7\u00e3o em Est\u00e9tica ou \u00e1reas afins.<\/li>\n<li>Experi\u00eancia em procedimentos est\u00e9ticos cl\u00ednicos.<\/li>\n<li>Dom\u00ednio de t\u00e9cnicas de limpeza de pele, peeling qu\u00edmico e microagulhamento.<\/li>\n<li>Habilidade de avalia\u00e7\u00e3o cl\u00ednica e elabora\u00e7\u00e3o de protocolos de tratamento.<\/li>\n<\/ul>\n<p style=\"text-align: justify;\">Jornada de Trabalho:<\/p>\n<ul style=\"text-align: justify;\">\n<li>Segunda \u00e0 Sexta das 09:00 \u00e0s 12:00 &#8211; 13:30 \u00e0s 19:30<\/li>\n<\/ul>\n<p style=\"text-align: justify;\">Sal\u00e1rio:<\/p>\n<ul style=\"text-align: justify;\">\n<li>R$ 3.000 + Comiss\u00f5es<\/li>\n<\/ul>\n<p style=\"text-align: justify;\">Benef\u00edcios:<\/p>\n<ul>\n<li>Bonifica\u00e7\u00e3o por resultado<\/li>\n<li>Vaga CLT, presencial<\/li>\n<\/ul>\n<p>Data m\u00e1xima para envio de curr\u00edculo:20 30-05-2025<\/p>\n<p>Enviar curr\u00edculo informando no assunto do e-mail a vaga de interesse para <a href=\"mailto:talentos@rhsolucao.com.br\">talentos@rhsolucao.com.br<\/a><\/p>\n","protected":false},"excerpt":{"rendered":"<p>Atribui\u00e7\u00f5es: Somos uma rede de cl\u00ednicas de est\u00e9tica com foco em bem\u2011estar e inova\u00e7\u00e3o, localizada em Porto Belo. Buscamos uma Biom\u00e9dica Esteticista apaixonada por cuidados [&#8230;]<\/p>\n","protected":false},"author":2,"featured_media":0,"comment_status":"closed","ping_status":"closed","sticky":false,"template":"","format":"standard","meta":{"footnotes":""},"categories":[14,57],"tags":[],"class_list":["post-44451","post","type-post","status-publish","format-standard","hentry","category-ensino-superior-completo","category-saude"],"yoast_head":"<!-- This site is optimized with the Yoast SEO plugin v27.5 - https:\/\/yoast.com\/product\/yoast-seo-wordpress\/ -->\n<title>Biom\u00e9dica Esteticista - Porto Belo - SC - Vagas Emprego SC<\/title>\n<meta name=\"robots\" content=\"index, follow, max-snippet:-1, max-image-preview:large, max-video-preview:-1\" \/>\n<link rel=\"canonical\" href=\"https:\/\/www.vagasempregosc.com.br\/index.php\/2026\/04\/28\/biomedica-esteticista-porto-belo-sc\/\" \/>\n<meta property=\"og:locale\" content=\"pt_BR\" \/>\n<meta property=\"og:type\" content=\"article\" \/>\n<meta property=\"og:title\" content=\"Biom\u00e9dica Esteticista - Porto Belo - SC - Vagas Emprego SC\" \/>\n<meta property=\"og:description\" content=\"Atribui\u00e7\u00f5es: Somos uma rede de cl\u00ednicas de est\u00e9tica com foco em bem\u2011estar e inova\u00e7\u00e3o, localizada em Porto Belo. Buscamos uma Biom\u00e9dica Esteticista apaixonada por cuidados [...]\" \/>\n<meta property=\"og:url\" content=\"https:\/\/www.vagasempregosc.com.br\/index.php\/2026\/04\/28\/biomedica-esteticista-porto-belo-sc\/\" \/>\n<meta property=\"og:site_name\" content=\"Vagas Emprego SC\" \/>\n<meta property=\"article:published_time\" content=\"2026-04-28T12:00:52+00:00\" \/>\n<meta name=\"author\" content=\"Vagas Emprego SC\" \/>\n<meta name=\"twitter:card\" content=\"summary_large_image\" \/>\n<meta name=\"twitter:label1\" content=\"Escrito por\" \/>\n\t<meta name=\"twitter:data1\" content=\"Vagas Emprego SC\" \/>\n\t<meta name=\"twitter:label2\" content=\"Est. tempo de leitura\" \/>\n\t<meta name=\"twitter:data2\" content=\"2 minutos\" \/>\n<script type=\"application\/ld+json\" class=\"yoast-schema-graph\">{\"@context\":\"https:\\\/\\\/schema.org\",\"@graph\":[{\"@type\":\"Article\",\"@id\":\"https:\\\/\\\/www.vagasempregosc.com.br\\\/index.php\\\/2026\\\/04\\\/28\\\/biomedica-esteticista-porto-belo-sc\\\/#article\",\"isPartOf\":{\"@id\":\"https:\\\/\\\/www.vagasempregosc.com.br\\\/index.php\\\/2026\\\/04\\\/28\\\/biomedica-esteticista-porto-belo-sc\\\/\"},\"author\":{\"name\":\"Vagas Emprego SC\",\"@id\":\"https:\\\/\\\/www.vagasempregosc.com.br\\\/#\\\/schema\\\/person\\\/e59ecb0cf33cc401d3b82548d1a9baa4\"},\"headline\":\"Biom\u00e9dica Esteticista &#8211; Porto Belo &#8211; SC\",\"datePublished\":\"2026-04-28T12:00:52+00:00\",\"mainEntityOfPage\":{\"@id\":\"https:\\\/\\\/www.vagasempregosc.com.br\\\/index.php\\\/2026\\\/04\\\/28\\\/biomedica-esteticista-porto-belo-sc\\\/\"},\"wordCount\":252,\"publisher\":{\"@id\":\"https:\\\/\\\/www.vagasempregosc.com.br\\\/#organization\"},\"articleSection\":[\"ensino superior\",\"sa\u00fade\"],\"inLanguage\":\"pt-BR\"},{\"@type\":\"WebPage\",\"@id\":\"https:\\\/\\\/www.vagasempregosc.com.br\\\/index.php\\\/2026\\\/04\\\/28\\\/biomedica-esteticista-porto-belo-sc\\\/\",\"url\":\"https:\\\/\\\/www.vagasempregosc.com.br\\\/index.php\\\/2026\\\/04\\\/28\\\/biomedica-esteticista-porto-belo-sc\\\/\",\"name\":\"Biom\u00e9dica Esteticista - Porto Belo - SC - Vagas Emprego SC\",\"isPartOf\":{\"@id\":\"https:\\\/\\\/www.vagasempregosc.com.br\\\/#website\"},\"datePublished\":\"2026-04-28T12:00:52+00:00\",\"breadcrumb\":{\"@id\":\"https:\\\/\\\/www.vagasempregosc.com.br\\\/index.php\\\/2026\\\/04\\\/28\\\/biomedica-esteticista-porto-belo-sc\\\/#breadcrumb\"},\"inLanguage\":\"pt-BR\",\"potentialAction\":[{\"@type\":\"ReadAction\",\"target\":[\"https:\\\/\\\/www.vagasempregosc.com.br\\\/index.php\\\/2026\\\/04\\\/28\\\/biomedica-esteticista-porto-belo-sc\\\/\"]}]},{\"@type\":\"BreadcrumbList\",\"@id\":\"https:\\\/\\\/www.vagasempregosc.com.br\\\/index.php\\\/2026\\\/04\\\/28\\\/biomedica-esteticista-porto-belo-sc\\\/#breadcrumb\",\"itemListElement\":[{\"@type\":\"ListItem\",\"position\":1,\"name\":\"Home\",\"item\":\"https:\\\/\\\/www.vagasempregosc.com.br\\\/\"},{\"@type\":\"ListItem\",\"position\":2,\"name\":\"Biom\u00e9dica Esteticista &#8211; Porto Belo &#8211; SC\"}]},{\"@type\":\"WebSite\",\"@id\":\"https:\\\/\\\/www.vagasempregosc.com.br\\\/#website\",\"url\":\"https:\\\/\\\/www.vagasempregosc.com.br\\\/\",\"name\":\"Vagas Emprego SC\",\"description\":\"Vagas de emprego e est\u00e1gio em Santa Catarina\",\"publisher\":{\"@id\":\"https:\\\/\\\/www.vagasempregosc.com.br\\\/#organization\"},\"potentialAction\":[{\"@type\":\"SearchAction\",\"target\":{\"@type\":\"EntryPoint\",\"urlTemplate\":\"https:\\\/\\\/www.vagasempregosc.com.br\\\/?s={search_term_string}\"},\"query-input\":{\"@type\":\"PropertyValueSpecification\",\"valueRequired\":true,\"valueName\":\"search_term_string\"}}],\"inLanguage\":\"pt-BR\"},{\"@type\":\"Organization\",\"@id\":\"https:\\\/\\\/www.vagasempregosc.com.br\\\/#organization\",\"name\":\"Vagas Emprego SC\",\"url\":\"https:\\\/\\\/www.vagasempregosc.com.br\\\/\",\"logo\":{\"@type\":\"ImageObject\",\"inLanguage\":\"pt-BR\",\"@id\":\"https:\\\/\\\/www.vagasempregosc.com.br\\\/#\\\/schema\\\/logo\\\/image\\\/\",\"url\":\"https:\\\/\\\/www.vagasempregosc.com.br\\\/wp-content\\\/uploads\\\/2025\\\/05\\\/cropped-logo2015sc.jpg\",\"contentUrl\":\"https:\\\/\\\/www.vagasempregosc.com.br\\\/wp-content\\\/uploads\\\/2025\\\/05\\\/cropped-logo2015sc.jpg\",\"width\":323,\"height\":89,\"caption\":\"Vagas Emprego SC\"},\"image\":{\"@id\":\"https:\\\/\\\/www.vagasempregosc.com.br\\\/#\\\/schema\\\/logo\\\/image\\\/\"}},{\"@type\":\"Person\",\"@id\":\"https:\\\/\\\/www.vagasempregosc.com.br\\\/#\\\/schema\\\/person\\\/e59ecb0cf33cc401d3b82548d1a9baa4\",\"name\":\"Vagas Emprego SC\",\"image\":{\"@type\":\"ImageObject\",\"inLanguage\":\"pt-BR\",\"@id\":\"https:\\\/\\\/secure.gravatar.com\\\/avatar\\\/e198f9393383244894b06db503be8cb43011f384a429c7a9f84f3f61c138a35e?s=96&d=mm&r=g\",\"url\":\"https:\\\/\\\/secure.gravatar.com\\\/avatar\\\/e198f9393383244894b06db503be8cb43011f384a429c7a9f84f3f61c138a35e?s=96&d=mm&r=g\",\"contentUrl\":\"https:\\\/\\\/secure.gravatar.com\\\/avatar\\\/e198f9393383244894b06db503be8cb43011f384a429c7a9f84f3f61c138a35e?s=96&d=mm&r=g\",\"caption\":\"Vagas Emprego SC\"},\"url\":\"https:\\\/\\\/www.vagasempregosc.com.br\\\/index.php\\\/author\\\/vagasemprego\\\/\"}]}<\/script>\n<!-- \/ Yoast SEO plugin. -->","yoast_head_json":{"title":"Biom\u00e9dica Esteticista - Porto Belo - SC - Vagas Emprego SC","robots":{"index":"index","follow":"follow","max-snippet":"max-snippet:-1","max-image-preview":"max-image-preview:large","max-video-preview":"max-video-preview:-1"},"canonical":"https:\/\/www.vagasempregosc.com.br\/index.php\/2026\/04\/28\/biomedica-esteticista-porto-belo-sc\/","og_locale":"pt_BR","og_type":"article","og_title":"Biom\u00e9dica Esteticista - Porto Belo - SC - Vagas Emprego SC","og_description":"Atribui\u00e7\u00f5es: Somos uma rede de cl\u00ednicas de est\u00e9tica com foco em bem\u2011estar e inova\u00e7\u00e3o, localizada em Porto Belo. Buscamos uma Biom\u00e9dica Esteticista apaixonada por cuidados [...]","og_url":"https:\/\/www.vagasempregosc.com.br\/index.php\/2026\/04\/28\/biomedica-esteticista-porto-belo-sc\/","og_site_name":"Vagas Emprego SC","article_published_time":"2026-04-28T12:00:52+00:00","author":"Vagas Emprego SC","twitter_card":"summary_large_image","twitter_misc":{"Escrito por":"Vagas Emprego SC","Est. tempo de leitura":"2 minutos"},"schema":{"@context":"https:\/\/schema.org","@graph":[{"@type":"Article","@id":"https:\/\/www.vagasempregosc.com.br\/index.php\/2026\/04\/28\/biomedica-esteticista-porto-belo-sc\/#article","isPartOf":{"@id":"https:\/\/www.vagasempregosc.com.br\/index.php\/2026\/04\/28\/biomedica-esteticista-porto-belo-sc\/"},"author":{"name":"Vagas Emprego SC","@id":"https:\/\/www.vagasempregosc.com.br\/#\/schema\/person\/e59ecb0cf33cc401d3b82548d1a9baa4"},"headline":"Biom\u00e9dica Esteticista &#8211; Porto Belo &#8211; SC","datePublished":"2026-04-28T12:00:52+00:00","mainEntityOfPage":{"@id":"https:\/\/www.vagasempregosc.com.br\/index.php\/2026\/04\/28\/biomedica-esteticista-porto-belo-sc\/"},"wordCount":252,"publisher":{"@id":"https:\/\/www.vagasempregosc.com.br\/#organization"},"articleSection":["ensino superior","sa\u00fade"],"inLanguage":"pt-BR"},{"@type":"WebPage","@id":"https:\/\/www.vagasempregosc.com.br\/index.php\/2026\/04\/28\/biomedica-esteticista-porto-belo-sc\/","url":"https:\/\/www.vagasempregosc.com.br\/index.php\/2026\/04\/28\/biomedica-esteticista-porto-belo-sc\/","name":"Biom\u00e9dica Esteticista - Porto Belo - SC - Vagas Emprego SC","isPartOf":{"@id":"https:\/\/www.vagasempregosc.com.br\/#website"},"datePublished":"2026-04-28T12:00:52+00:00","breadcrumb":{"@id":"https:\/\/www.vagasempregosc.com.br\/index.php\/2026\/04\/28\/biomedica-esteticista-porto-belo-sc\/#breadcrumb"},"inLanguage":"pt-BR","potentialAction":[{"@type":"ReadAction","target":["https:\/\/www.vagasempregosc.com.br\/index.php\/2026\/04\/28\/biomedica-esteticista-porto-belo-sc\/"]}]},{"@type":"BreadcrumbList","@id":"https:\/\/www.vagasempregosc.com.br\/index.php\/2026\/04\/28\/biomedica-esteticista-porto-belo-sc\/#breadcrumb","itemListElement":[{"@type":"ListItem","position":1,"name":"Home","item":"https:\/\/www.vagasempregosc.com.br\/"},{"@type":"ListItem","position":2,"name":"Biom\u00e9dica Esteticista &#8211; Porto Belo &#8211; SC"}]},{"@type":"WebSite","@id":"https:\/\/www.vagasempregosc.com.br\/#website","url":"https:\/\/www.vagasempregosc.com.br\/","name":"Vagas Emprego SC","description":"Vagas de emprego e est\u00e1gio em Santa Catarina","publisher":{"@id":"https:\/\/www.vagasempregosc.com.br\/#organization"},"potentialAction":[{"@type":"SearchAction","target":{"@type":"EntryPoint","urlTemplate":"https:\/\/www.vagasempregosc.com.br\/?s={search_term_string}"},"query-input":{"@type":"PropertyValueSpecification","valueRequired":true,"valueName":"search_term_string"}}],"inLanguage":"pt-BR"},{"@type":"Organization","@id":"https:\/\/www.vagasempregosc.com.br\/#organization","name":"Vagas Emprego SC","url":"https:\/\/www.vagasempregosc.com.br\/","logo":{"@type":"ImageObject","inLanguage":"pt-BR","@id":"https:\/\/www.vagasempregosc.com.br\/#\/schema\/logo\/image\/","url":"https:\/\/www.vagasempregosc.com.br\/wp-content\/uploads\/2025\/05\/cropped-logo2015sc.jpg","contentUrl":"https:\/\/www.vagasempregosc.com.br\/wp-content\/uploads\/2025\/05\/cropped-logo2015sc.jpg","width":323,"height":89,"caption":"Vagas Emprego SC"},"image":{"@id":"https:\/\/www.vagasempregosc.com.br\/#\/schema\/logo\/image\/"}},{"@type":"Person","@id":"https:\/\/www.vagasempregosc.com.br\/#\/schema\/person\/e59ecb0cf33cc401d3b82548d1a9baa4","name":"Vagas Emprego SC","image":{"@type":"ImageObject","inLanguage":"pt-BR","@id":"https:\/\/secure.gravatar.com\/avatar\/e198f9393383244894b06db503be8cb43011f384a429c7a9f84f3f61c138a35e?s=96&d=mm&r=g","url":"https:\/\/secure.gravatar.com\/avatar\/e198f9393383244894b06db503be8cb43011f384a429c7a9f84f3f61c138a35e?s=96&d=mm&r=g","contentUrl":"https:\/\/secure.gravatar.com\/avatar\/e198f9393383244894b06db503be8cb43011f384a429c7a9f84f3f61c138a35e?s=96&d=mm&r=g","caption":"Vagas Emprego SC"},"url":"https:\/\/www.vagasempregosc.com.br\/index.php\/author\/vagasemprego\/"}]}},"_links":{"self":[{"href":"https:\/\/www.vagasempregosc.com.br\/index.php\/wp-json\/wp\/v2\/posts\/44451","targetHints":{"allow":["GET"]}}],"collection":[{"href":"https:\/\/www.vagasempregosc.com.br\/index.php\/wp-json\/wp\/v2\/posts"}],"about":[{"href":"https:\/\/www.vagasempregosc.com.br\/index.php\/wp-json\/wp\/v2\/types\/post"}],"author":[{"embeddable":true,"href":"https:\/\/www.vagasempregosc.com.br\/index.php\/wp-json\/wp\/v2\/users\/2"}],"replies":[{"embeddable":true,"href":"https:\/\/www.vagasempregosc.com.br\/index.php\/wp-json\/wp\/v2\/comments?post=44451"}],"version-history":[{"count":1,"href":"https:\/\/www.vagasempregosc.com.br\/index.php\/wp-json\/wp\/v2\/posts\/44451\/revisions"}],"predecessor-version":[{"id":44452,"href":"https:\/\/www.vagasempregosc.com.br\/index.php\/wp-json\/wp\/v2\/posts\/44451\/revisions\/44452"}],"wp:attachment":[{"href":"https:\/\/www.vagasempregosc.com.br\/index.php\/wp-json\/wp\/v2\/media?parent=44451"}],"wp:term":[{"taxonomy":"category","embeddable":true,"href":"https:\/\/www.vagasempregosc.com.br\/index.php\/wp-json\/wp\/v2\/categories?post=44451"},{"taxonomy":"post_tag","embeddable":true,"href":"https:\/\/www.vagasempregosc.com.br\/index.php\/wp-json\/wp\/v2\/tags?post=44451"}],"curies":[{"name":"wp","href":"https:\/\/api.w.org\/{rel}","templated":true}]}}